{"id":2337,"date":"2021-02-21T11:10:53","date_gmt":"2021-02-21T11:10:53","guid":{"rendered":"https:\/\/coupdecoeurvoyage.com\/?p=2337"},"modified":"2021-02-21T11:14:16","modified_gmt":"2021-02-21T11:14:16","slug":"abbaye-de-villers-la-ville","status":"publish","type":"post","link":"https:\/\/coupdecoeurvoyage.com\/index.php\/2021\/02\/21\/abbaye-de-villers-la-ville\/","title":{"rendered":"Abbaye de Villers-la-Ville"},"content":{"rendered":"\n<p class=\"has-text-align-right\"><span class=\"has-inline-color has-neve-link-hover-color-color\">f\u00e9vrier 2021<\/span><\/p>\n\n\n\n<p>C&rsquo;est un must en Brabant wallon, l&rsquo;abbaye de Villers-la-Ville qui attire petits et grands. Il faut dire que ces ruines sont envoutantes, propices \u00e0 une douce balade, et aux \u00e9bahissements d&rsquo;enfants dans les petits passages cach\u00e9s.<\/p>\n\n\n\n<p>L&rsquo;abbaye est par ailleurs r\u00e9guli\u00e8rement le site d&rsquo;expositions temporaires, car les \u0153uvres peuvent y \u00eatre bien mises en valeur. En cette belle journ\u00e9e de f\u00e9vrier, nous venons admirer les sculptures de Jean-Michel Folon qui sont magnifiques et invitent \u00e0 la r\u00e9flexion (si comme nous, vous aimez l&rsquo;artiste, lisez aussi cet <a href=\"https:\/\/coupdecoeurvoyage.com\/index.php\/2021\/02\/06\/chateau-de-la-hulpe\/\" data-type=\"post\" data-id=\"1460\">article<\/a>).<\/p>\n\n\n\n<p>La r\u00e9gion autour de l&rsquo;abbaye est par ailleurs un chouette terrain de jeu pour les marcheurs. Vous pouvez partir de l&rsquo;abbaye, ou ce que qui est peut-\u00eatre plus int\u00e9ressant, d&rsquo;un autre endroit moins fr\u00e9quent\u00e9, et rejoindre cette premi\u00e8re. Nous vous conseillons par exemple de partir de Bousval (vous trouverez votre bonheur sur <em><strong><span style=\"color:#508aee\" class=\"has-inline-color\">Cirwki<\/span><\/strong><\/em>). <\/p>\n\n\n\n<div id=\"wp-block-themeisle-blocks-slider-2800e9fb\" class=\"wp-block-themeisle-blocks-slider glide\" data-per-view=\"1\" data-gap=\"0\" data-peek=\"0\" data-autoplay=\"false\" data-height=\"584px\" data-hide-arrows=\"false\"><div class=\"glide__track\" data-glide-el=\"track\"><div class=\"glide__slides\"><div class=\"wp-block-themeisle-blocks-slider-item-wrapper glide__slide\" tabindex=\"0\"><figure><img data-opt-id=910870330  fetchpriority=\"high\" decoding=\"async\" class=\"wp-block-themeisle-blocks-slider-item\" src=\"https:\/\/mli5vqtizrdu.i.optimole.com\/w:auto\/h:auto\/q:mauto\/f:best\/https:\/\/coupdecoeurvoyage.com\/wp-content\/uploads\/2021\/02\/abbayevillersfolon.jpg\" alt=\"\" title=\"\" data-id=\"2339\"\/><figcaption>Folon tiraill\u00e9 ?<\/figcaption><\/figure><\/div><div class=\"wp-block-themeisle-blocks-slider-item-wrapper glide__slide\" tabindex=\"0\"><figure><img data-opt-id=1678390461  fetchpriority=\"high\" decoding=\"async\" class=\"wp-block-themeisle-blocks-slider-item\" src=\"https:\/\/mli5vqtizrdu.i.optimole.com\/w:auto\/h:auto\/q:mauto\/f:best\/https:\/\/coupdecoeurvoyage.com\/wp-content\/uploads\/2021\/02\/abbayevillerslaville.jpg\" alt=\"\" title=\"\" data-id=\"2342\"\/><figcaption>Abbaye de Villers<\/figcaption><\/figure><\/div><div class=\"wp-block-themeisle-blocks-slider-item-wrapper glide__slide\" tabindex=\"0\"><figure><img data-opt-id=186687960  fetchpriority=\"high\" decoding=\"async\" class=\"wp-block-themeisle-blocks-slider-item\" src=\"https:\/\/mli5vqtizrdu.i.optimole.com\/w:auto\/h:auto\/q:mauto\/f:best\/https:\/\/coupdecoeurvoyage.com\/wp-content\/uploads\/2021\/02\/abbayevillersfolon3.jpg\" alt=\"\" title=\"\" data-id=\"2341\"\/><\/figure><\/div><div class=\"wp-block-themeisle-blocks-slider-item-wrapper glide__slide\" tabindex=\"0\"><figure><img data-opt-id=2108854461  data-opt-src=\"https:\/\/mli5vqtizrdu.i.optimole.com\/w:auto\/h:auto\/q:mauto\/f:best\/https:\/\/coupdecoeurvoyage.com\/wp-content\/uploads\/2021\/02\/abbayevillersfolon2.jpg\"  decoding=\"async\" class=\"wp-block-themeisle-blocks-slider-item\" src=\"https:\/\/mli5vqtizrdu.i.optimole.com\/w:auto\/h:auto\/q:eco\/f:best\/https:\/\/coupdecoeurvoyage.com\/wp-content\/uploads\/2021\/02\/abbayevillersfolon2.jpg\" alt=\"\" title=\"\" data-id=\"2340\"\/><noscript><img data-opt-id=2108854461  decoding=\"async\" class=\"wp-block-themeisle-blocks-slider-item\" src=\"https:\/\/mli5vqtizrdu.i.optimole.com\/w:auto\/h:auto\/q:mauto\/f:best\/https:\/\/coupdecoeurvoyage.com\/wp-content\/uploads\/2021\/02\/abbayevillersfolon2.jpg\" alt=\"\" title=\"\" data-id=\"2340\"\/></noscript><figcaption>Folon et sa passion des bateaux<\/figcaption><\/figure><\/div><\/div><div class=\"glide__bullets\" data-glide-el=\"controls[nav]\"><button class=\"glide__bullet\" data-glide-dir=\"=0\"><\/button><button class=\"glide__bullet\" data-glide-dir=\"=1\"><\/button><button class=\"glide__bullet\" data-glide-dir=\"=2\"><\/button><button class=\"glide__bullet\" data-glide-dir=\"=3\"><\/button><\/div><\/div><\/div>\n","protected":false},"excerpt":{"rendered":"<p>f\u00e9vrier 2021 C&rsquo;est un must en Brabant wallon, l&rsquo;abbaye de Villers-la-Ville qui attire petits et grands. Il faut dire que ces ruines sont envoutantes, propices \u00e0 une douce balade, et aux \u00e9bahissements d&rsquo;enfants dans les petits passages cach\u00e9s. L&rsquo;abbaye est par ailleurs r\u00e9guli\u00e8rement le site d&rsquo;expositions temporaires, car les \u0153uvres peuvent y \u00eatre bien mises&hellip;&nbsp;<a href=\"https:\/\/coupdecoeurvoyage.com\/index.php\/2021\/02\/21\/abbaye-de-villers-la-ville\/\" class=\"\" rel=\"bookmark\">Lire la suite &raquo;<span class=\"screen-reader-text\">Abbaye de Villers-la-Ville<\/span><\/a><\/p>\n","protected":false},"author":1,"featured_media":0,"comment_status":"closed","ping_status":"open","sticky":false,"template":"","format":"standard","meta":{"neve_meta_sidebar":"","neve_meta_container":"","neve_meta_enable_content_width":"","neve_meta_content_width":0,"neve_meta_title_alignment":"","neve_meta_author_avatar":"","neve_post_elements_order":"","neve_meta_disable_header":"","neve_meta_disable_footer":"","neve_meta_disable_title":"","_themeisle_gutenberg_block_has_review":false,"_jetpack_memberships_contains_paid_content":false,"footnotes":""},"categories":[41,43],"tags":[65,21,39,38,28,66],"class_list":["post-2337","post","type-post","status-publish","format-standard","hentry","category-belgique","category-brabant-wallon","tag-abbaye","tag-architecture","tag-famille","tag-promenade","tag-randonnee","tag-ruines"],"jetpack_featured_media_url":"","jetpack_sharing_enabled":true,"_links":{"self":[{"href":"https:\/\/coupdecoeurvoyage.com\/index.php\/wp-json\/wp\/v2\/posts\/2337","targetHints":{"allow":["GET"]}}],"collection":[{"href":"https:\/\/coupdecoeurvoyage.com\/index.php\/wp-json\/wp\/v2\/posts"}],"about":[{"href":"https:\/\/coupdecoeurvoyage.com\/index.php\/wp-json\/wp\/v2\/types\/post"}],"author":[{"embeddable":true,"href":"https:\/\/coupdecoeurvoyage.com\/index.php\/wp-json\/wp\/v2\/users\/1"}],"replies":[{"embeddable":true,"href":"https:\/\/coupdecoeurvoyage.com\/index.php\/wp-json\/wp\/v2\/comments?post=2337"}],"version-history":[{"count":12,"href":"https:\/\/coupdecoeurvoyage.com\/index.php\/wp-json\/wp\/v2\/posts\/2337\/revisions"}],"predecessor-version":[{"id":2357,"href":"https:\/\/coupdecoeurvoyage.com\/index.php\/wp-json\/wp\/v2\/posts\/2337\/revisions\/2357"}],"wp:attachment":[{"href":"https:\/\/coupdecoeurvoyage.com\/index.php\/wp-json\/wp\/v2\/media?parent=2337"}],"wp:term":[{"taxonomy":"category","embeddable":true,"href":"https:\/\/coupdecoeurvoyage.com\/index.php\/wp-json\/wp\/v2\/categories?post=2337"},{"taxonomy":"post_tag","embeddable":true,"href":"https:\/\/coupdecoeurvoyage.com\/index.php\/wp-json\/wp\/v2\/tags?post=2337"}],"curies":[{"name":"wp","href":"https:\/\/api.w.org\/{rel}","templated":true}]}}