{"id":2779,"date":"2021-03-15T16:24:04","date_gmt":"2021-03-15T16:24:04","guid":{"rendered":"https:\/\/coupdecoeurvoyage.com\/?p=2779"},"modified":"2021-03-15T16:41:57","modified_gmt":"2021-03-15T16:41:57","slug":"lyon","status":"publish","type":"post","link":"https:\/\/coupdecoeurvoyage.com\/index.php\/2021\/03\/15\/lyon\/","title":{"rendered":"Lyon"},"content":{"rendered":"\n<p class=\"has-text-align-right\"><span class=\"has-inline-color has-neve-link-hover-color-color\">juillet 2020<\/span><\/p>\n\n\n\n<p>Nous visitons aujourd&rsquo;hui Lyon sur la route du retour de vacances. Nous commen\u00e7ons par le Vieux-Lyon que nous rejoignons en m\u00e9tro. Depuis celui-ci, nous atterrissons rapidement sur la lumineuse place Saint-Jean (avec sa belle cath\u00e9drale) o\u00f9 nous dinerons d&rsquo;ailleurs en terrasse au soir. Tout le quartier Saint-Jean avec ses ruelles vaut vraiment la peine pour se promener. Comme nous, vous pouvez aussi vous mettre \u00e0 la recherche de la tour rose de Lyon :-). Pour poursuivre avec une ambiance similaire, promenez-vous aussi dans le quartier Saint-Paul adjacent.<\/p>\n\n\n\n<p>A partir du Vieux-Lyon, nous rejoignons ensuite la colline de Fourvi\u00e8re. Diff\u00e9rents chemins sont possibles, mais cela monte dans tous les cas! Arriv\u00e9s en haut, vous avez un tr\u00e8s beau panorama sur la ville, et vous pouvez visiter la basilique Notre-Dame de Fourvi\u00e8re. Attention, cela fait mal aux yeux (vive l\u2019exub\u00e9rance) ! Pour redescendre, nous faisons un petit d\u00e9tour par les anciens th\u00e9\u00e2tres romains.<\/p>\n\n\n\n<p>Nous traversons alors la Sa\u00f4ne pour rejoindre la Presqu&rsquo;\u00eele de Lyon. Nous y parcourons les diff\u00e9rents quartiers anim\u00e9s en nous arr\u00eatant sur les multiples places (place Bellecour, place de la R\u00e9publique, place Louis Pradel&#8230;), et nous nous promenons le long des berges du Rh\u00f4ne.<\/p>\n\n\n\n<div id=\"wp-block-themeisle-blocks-slider-4c67480f\" class=\"wp-block-themeisle-blocks-slider glide\" data-per-view=\"1\" data-gap=\"0\" data-peek=\"0\" data-autoplay=\"false\" data-height=\"554px\" data-hide-arrows=\"false\"><div class=\"glide__track\" data-glide-el=\"track\"><div class=\"glide__slides\"><div class=\"wp-block-themeisle-blocks-slider-item-wrapper glide__slide\" tabindex=\"0\"><figure><img data-opt-id=1652378792  fetchpriority=\"high\" decoding=\"async\" class=\"wp-block-themeisle-blocks-slider-item\" src=\"https:\/\/mli5vqtizrdu.i.optimole.com\/w:auto\/h:auto\/q:mauto\/f:best\/https:\/\/coupdecoeurvoyage.com\/wp-content\/uploads\/2021\/03\/lyonvieuxquartier.jpg\" alt=\"Lyon\" title=\"Lyon\" data-id=\"2719\"\/><figcaption>Place Saint-Jean<\/figcaption><\/figure><\/div><div class=\"wp-block-themeisle-blocks-slider-item-wrapper glide__slide\" tabindex=\"0\"><figure><img data-opt-id=1513855763  fetchpriority=\"high\" decoding=\"async\" class=\"wp-block-themeisle-blocks-slider-item\" src=\"https:\/\/mli5vqtizrdu.i.optimole.com\/w:auto\/h:auto\/q:mauto\/f:best\/https:\/\/coupdecoeurvoyage.com\/wp-content\/uploads\/2021\/03\/lyonvue.jpg\" alt=\"Lyon\" title=\"Lyon\" data-id=\"2720\"\/><figcaption>Vue depuis Fourvi\u00e8re<\/figcaption><\/figure><\/div><div class=\"wp-block-themeisle-blocks-slider-item-wrapper glide__slide\" tabindex=\"0\"><figure><img data-opt-id=1107282070  fetchpriority=\"high\" decoding=\"async\" class=\"wp-block-themeisle-blocks-slider-item\" src=\"https:\/\/mli5vqtizrdu.i.optimole.com\/w:auto\/h:auto\/q:mauto\/f:best\/https:\/\/coupdecoeurvoyage.com\/wp-content\/uploads\/2021\/03\/lyontheatre.jpg\" alt=\"Lyon\" title=\"Lyon\" data-id=\"2718\"\/><figcaption>Grand Th\u00e9\u00e2tre<\/figcaption><\/figure><\/div><div class=\"wp-block-themeisle-blocks-slider-item-wrapper glide__slide\" tabindex=\"0\"><figure><img data-opt-id=1542080501  data-opt-src=\"https:\/\/mli5vqtizrdu.i.optimole.com\/w:auto\/h:auto\/q:mauto\/f:best\/https:\/\/coupdecoeurvoyage.com\/wp-content\/uploads\/2021\/01\/Lyon.jpg\"  decoding=\"async\" class=\"wp-block-themeisle-blocks-slider-item\" src=\"https:\/\/mli5vqtizrdu.i.optimole.com\/w:auto\/h:auto\/q:eco\/f:best\/https:\/\/coupdecoeurvoyage.com\/wp-content\/uploads\/2021\/01\/Lyon.jpg\" alt=\"Lyon\" title=\"Lyon\" data-id=\"1311\"\/><noscript><img data-opt-id=1542080501  decoding=\"async\" class=\"wp-block-themeisle-blocks-slider-item\" src=\"https:\/\/mli5vqtizrdu.i.optimole.com\/w:auto\/h:auto\/q:mauto\/f:best\/https:\/\/coupdecoeurvoyage.com\/wp-content\/uploads\/2021\/01\/Lyon.jpg\" alt=\"Lyon\" title=\"Lyon\" data-id=\"1311\"\/></noscript><\/figure><\/div><\/div><div class=\"glide__bullets\" data-glide-el=\"controls[nav]\"><button class=\"glide__bullet\" data-glide-dir=\"=0\"><\/button><button class=\"glide__bullet\" data-glide-dir=\"=1\"><\/button><button class=\"glide__bullet\" data-glide-dir=\"=2\"><\/button><button class=\"glide__bullet\" data-glide-dir=\"=3\"><\/button><\/div><\/div><\/div>\n","protected":false},"excerpt":{"rendered":"<p>juillet 2020 Nous visitons aujourd&rsquo;hui Lyon sur la route du retour de vacances. Nous commen\u00e7ons par le Vieux-Lyon que nous rejoignons en m\u00e9tro. Depuis celui-ci, nous atterrissons rapidement sur la lumineuse place Saint-Jean (avec sa belle cath\u00e9drale) o\u00f9 nous dinerons d&rsquo;ailleurs en terrasse au soir. Tout le quartier Saint-Jean avec ses ruelles vaut vraiment la&hellip;&nbsp;<a href=\"https:\/\/coupdecoeurvoyage.com\/index.php\/2021\/03\/15\/lyon\/\" class=\"\" rel=\"bookmark\">Lire la suite &raquo;<span class=\"screen-reader-text\">Lyon<\/span><\/a><\/p>\n","protected":false},"author":1,"featured_media":0,"comment_status":"closed","ping_status":"open","sticky":false,"template":"","format":"standard","meta":{"neve_meta_sidebar":"","neve_meta_container":"","neve_meta_enable_content_width":"","neve_meta_content_width":0,"neve_meta_title_alignment":"","neve_meta_author_avatar":"","neve_post_elements_order":"","neve_meta_disable_header":"","neve_meta_disable_footer":"","neve_meta_disable_title":"","_themeisle_gutenberg_block_has_review":false,"_jetpack_memberships_contains_paid_content":false,"footnotes":""},"categories":[73],"tags":[21,85,91,90,40],"class_list":["post-2779","post","type-post","status-publish","format-standard","hentry","category-france","tag-architecture","tag-edifice-religieux","tag-place","tag-vieux-quartier","tag-ville"],"jetpack_featured_media_url":"","jetpack_sharing_enabled":true,"_links":{"self":[{"href":"https:\/\/coupdecoeurvoyage.com\/index.php\/wp-json\/wp\/v2\/posts\/2779","targetHints":{"allow":["GET"]}}],"collection":[{"href":"https:\/\/coupdecoeurvoyage.com\/index.php\/wp-json\/wp\/v2\/posts"}],"about":[{"href":"https:\/\/coupdecoeurvoyage.com\/index.php\/wp-json\/wp\/v2\/types\/post"}],"author":[{"embeddable":true,"href":"https:\/\/coupdecoeurvoyage.com\/index.php\/wp-json\/wp\/v2\/users\/1"}],"replies":[{"embeddable":true,"href":"https:\/\/coupdecoeurvoyage.com\/index.php\/wp-json\/wp\/v2\/comments?post=2779"}],"version-history":[{"count":6,"href":"https:\/\/coupdecoeurvoyage.com\/index.php\/wp-json\/wp\/v2\/posts\/2779\/revisions"}],"predecessor-version":[{"id":2787,"href":"https:\/\/coupdecoeurvoyage.com\/index.php\/wp-json\/wp\/v2\/posts\/2779\/revisions\/2787"}],"wp:attachment":[{"href":"https:\/\/coupdecoeurvoyage.com\/index.php\/wp-json\/wp\/v2\/media?parent=2779"}],"wp:term":[{"taxonomy":"category","embeddable":true,"href":"https:\/\/coupdecoeurvoyage.com\/index.php\/wp-json\/wp\/v2\/categories?post=2779"},{"taxonomy":"post_tag","embeddable":true,"href":"https:\/\/coupdecoeurvoyage.com\/index.php\/wp-json\/wp\/v2\/tags?post=2779"}],"curies":[{"name":"wp","href":"https:\/\/api.w.org\/{rel}","templated":true}]}}